{"id":1169,"date":"2011-03-08T07:41:00","date_gmt":"2011-03-08T07:41:00","guid":{"rendered":"http:\/\/localhost:8888\/volt\/?p=1169"},"modified":"2011-03-08T07:41:00","modified_gmt":"2011-03-08T07:41:00","slug":"mc-massa-halmstad-11-13-mars","status":"publish","type":"post","link":"http:\/\/www.valencustomshop.se\/?p=1169","title":{"rendered":"MC- M\u00e4ssa Halmstad 11-13 Mars"},"content":{"rendered":"<p>Ni dyker v\u00e4l upp??? Varit vinter l\u00e4nge nu, dags f\u00f6r lite v\u00e5rk\u00e4nslor!!!<\/p>\n<p><\/p>\n<div><a href=\"https:\/\/lh6.googleusercontent.com\/-VGQOdNd1xsQ\/TXXdZWXzZUI\/AAAAAAAABFU\/ll7m2MuZMCM\/s1600\/mcm%25C3%25A4ssa.jpg\" imageanchor=\"1\"><img decoding=\"async\" loading=\"lazy\" border=\"0\" height=\"175\" q6=\"true\" src=\"https:\/\/lh6.googleusercontent.com\/-VGQOdNd1xsQ\/TXXdZWXzZUI\/AAAAAAAABFU\/ll7m2MuZMCM\/s400\/mcm%25C3%25A4ssa.jpg\" width=\"400\"><\/a><\/div>\n<p><a href=\"http:\/\/www.bvnevent.se\/halmstad.htm\">http:\/\/www.bvnevent.se\/halmstad.htm<\/a><\/p>\n","protected":false},"excerpt":{"rendered":"<p>Ni dyker v\u00e4l upp??? Varit vinter l\u00e4nge nu, dags f\u00f6r lite v\u00e5rk\u00e4nslor!!! http:\/\/www.bvnevent.se\/halmstad.htm<\/p>\n","protected":false},"author":1,"featured_media":0,"comment_status":"open","ping_status":"open","sticky":false,"template":"","format":"standard","meta":[],"categories":[1],"tags":[],"_links":{"self":[{"href":"http:\/\/www.valencustomshop.se\/index.php?rest_route=\/wp\/v2\/posts\/1169"}],"collection":[{"href":"http:\/\/www.valencustomshop.se\/index.php?rest_route=\/wp\/v2\/posts"}],"about":[{"href":"http:\/\/www.valencustomshop.se\/index.php?rest_route=\/wp\/v2\/types\/post"}],"author":[{"embeddable":true,"href":"http:\/\/www.valencustomshop.se\/index.php?rest_route=\/wp\/v2\/users\/1"}],"replies":[{"embeddable":true,"href":"http:\/\/www.valencustomshop.se\/index.php?rest_route=%2Fwp%2Fv2%2Fcomments&post=1169"}],"version-history":[{"count":0,"href":"http:\/\/www.valencustomshop.se\/index.php?rest_route=\/wp\/v2\/posts\/1169\/revisions"}],"wp:attachment":[{"href":"http:\/\/www.valencustomshop.se\/index.php?rest_route=%2Fwp%2Fv2%2Fmedia&parent=1169"}],"wp:term":[{"taxonomy":"category","embeddable":true,"href":"http:\/\/www.valencustomshop.se\/index.php?rest_route=%2Fwp%2Fv2%2Fcategories&post=1169"},{"taxonomy":"post_tag","embeddable":true,"href":"http:\/\/www.valencustomshop.se\/index.php?rest_route=%2Fwp%2Fv2%2Ftags&post=1169"}],"curies":[{"name":"wp","href":"https:\/\/api.w.org\/{rel}","templated":true}]}}